{"id":10698,"date":"2021-12-16T13:50:01","date_gmt":"2021-12-16T16:50:01","guid":{"rendered":"https:\/\/enredo.com.br\/?p=10698"},"modified":"2023-12-01T16:18:25","modified_gmt":"2023-12-01T19:18:25","slug":"reel-enredo-2021","status":"publish","type":"post","link":"https:\/\/enredo.com.br\/en\/reel-enredo-2021\/","title":{"rendered":"Every brand has a story to tell. What did you do?"},"content":{"rendered":"[:pb]\n<p><\/p>\n\n\n\n<p>Here at Enredo,&nbsp;<strong>Resilience<\/strong>&nbsp;was the word that guided our actions, decisions and partnerships with our clients. <\/p>\n\n\n\n<p><br><strong>Resilience<\/strong>&nbsp;is what has made us creatively find solutions that have had a positive impact on business and society. To rethink environments that welcome, strengthen corporate culture and help sell more. Designing strategies that generate the results our clients deserve in their companies.&nbsp;<\/p>\n\n\n\n<p>To mark the end of this cycle, we invite you to take a look at yourself and celebrate all your achievements. Here we've done it through a retrospective that shows how much history and results we've generated. You're part of this moment, play along!<\/p>\n\n\n\n<figure class=\"wp-block-embed is-type-video is-provider-vimeo wp-block-embed-vimeo wp-embed-aspect-16-9 wp-has-aspect-ratio\"><div class=\"wp-block-embed__wrapper\">\nhttps:\/\/vimeo.com\/657992068\n<\/div><\/figure>\n\n\n\n<p>Now it's time for a break. In order to come back with everything in 2022, we will be taking a break from 20\/12 to 02\/01.<\/p>\n\n\n\n<p>We hope that resilience always guides your instincts in the face of uncertainty. May it allow us to always have a better future in mind. <\/p>\n\n\n\n<h2 class=\"wp-block-heading\">See you next year!<\/h2>\n[:]","protected":false},"excerpt":{"rendered":"<p>[:pb] Aqui na Enredo,&nbsp;Resili\u00eancia&nbsp;foi a palavra que norteou nossas a\u00e7\u00f5es, decis\u00f5es e parcerias com nossos clientes. Resili\u00eancia&nbsp;\u00e9 o que nos fez encontrar, com criatividade, solu\u00e7\u00f5es que impactaram&nbsp;positivamente neg\u00f3cios e sociedade. A repensar ambientes que acolheram, fortaleceram a cultura corporativa e ajudaram a vender mais. A desenhar estrat\u00e9gias que que geraram o resultado que nossos&nbsp;clientes merecem [&hellip;]<\/p>","protected":false},"author":225,"featured_media":10709,"comment_status":"open","ping_status":"open","sticky":false,"template":"","format":"standard","meta":{"_acf_changed":false,"footnotes":""},"categories":[89,33],"tags":[66],"class_list":["post-10698","post","type-post","status-publish","format-standard","has-post-thumbnail","hentry","category-insights-etc","category-noticias","tag-inovacao"],"acf":[],"_links":{"self":[{"href":"https:\/\/enredo.com.br\/en\/wp-json\/wp\/v2\/posts\/10698","targetHints":{"allow":["GET"]}}],"collection":[{"href":"https:\/\/enredo.com.br\/en\/wp-json\/wp\/v2\/posts"}],"about":[{"href":"https:\/\/enredo.com.br\/en\/wp-json\/wp\/v2\/types\/post"}],"author":[{"embeddable":true,"href":"https:\/\/enredo.com.br\/en\/wp-json\/wp\/v2\/users\/225"}],"replies":[{"embeddable":true,"href":"https:\/\/enredo.com.br\/en\/wp-json\/wp\/v2\/comments?post=10698"}],"version-history":[{"count":11,"href":"https:\/\/enredo.com.br\/en\/wp-json\/wp\/v2\/posts\/10698\/revisions"}],"predecessor-version":[{"id":17759,"href":"https:\/\/enredo.com.br\/en\/wp-json\/wp\/v2\/posts\/10698\/revisions\/17759"}],"wp:featuredmedia":[{"embeddable":true,"href":"https:\/\/enredo.com.br\/en\/wp-json\/wp\/v2\/media\/10709"}],"wp:attachment":[{"href":"https:\/\/enredo.com.br\/en\/wp-json\/wp\/v2\/media?parent=10698"}],"wp:term":[{"taxonomy":"category","embeddable":true,"href":"https:\/\/enredo.com.br\/en\/wp-json\/wp\/v2\/categories?post=10698"},{"taxonomy":"post_tag","embeddable":true,"href":"https:\/\/enredo.com.br\/en\/wp-json\/wp\/v2\/tags?post=10698"}],"curies":[{"name":"wp","href":"https:\/\/api.w.org\/{rel}","templated":true}]}}