{"id":5597,"date":"2018-08-08T16:00:58","date_gmt":"2018-08-08T19:00:58","guid":{"rendered":"https:\/\/enredo.com.br\/?p=5597"},"modified":"2023-12-01T16:23:04","modified_gmt":"2023-12-01T19:23:04","slug":"enredo-conquista-ouro-no-premio-popai-brasil","status":"publish","type":"post","link":"https:\/\/enredo.com.br\/en\/enredo-conquista-ouro-no-premio-popai-brasil\/","title":{"rendered":"Enredo wins Gold at POPAI Brazil Awards"},"content":{"rendered":"[:pb]\n<div style=\"height:65px\" aria-hidden=\"true\" class=\"wp-block-spacer\"><\/div>\n\n\n\n<div class=\"wp-block-columns is-layout-flex wp-container-core-columns-is-layout-2 wp-block-columns-is-layout-flex\">\n<div class=\"wp-block-column is-layout-flow wp-block-column-is-layout-flow\" style=\"flex-basis:100%\">\n<div class=\"wp-block-group is-layout-flow wp-block-group-is-layout-flow\">\n<div class=\"wp-block-columns is-layout-flex wp-container-core-columns-is-layout-1 wp-block-columns-is-layout-flex\">\n<div class=\"wp-block-column is-layout-flow wp-block-column-is-layout-flow\" style=\"flex-basis:16%\"><\/div>\n\n\n\n<div class=\"wp-block-column is-layout-flow wp-block-column-is-layout-flow\" style=\"flex-basis:68%\">\n<h3 class=\"wp-block-heading\">Award is the highest recognition in Brazilian retail<\/h3>\n\n\n\n<p>Our project for Folkz Pizzas &amp; Saladas' first mall store won the award <strong>POPAI Brazil Gold 2018<\/strong>in the Store Architecture, Signage and Visual Communication category. POPAI Brazil is the Brazilian edition of POPAI International, the world's most important retail and trade marketing awards. The aim of the award is to recognize the most outstanding projects in terms of originality and effectiveness in commercial architecture, visual merchandising, visual communication, displays and communication materials at the point of sale.<\/p>\n\n\n\n<div style=\"height:30px\" aria-hidden=\"true\" class=\"wp-block-spacer\"><\/div>\n\n\n\n<figure class=\"wp-block-image size-large\"><img loading=\"lazy\" decoding=\"async\" width=\"1024\" height=\"768\" src=\"https:\/\/enredo.com.br\/wp-content\/uploads\/2020\/06\/pavaneciro-1024x768.jpg\" alt=\"\" class=\"wp-image-5598\" srcset=\"https:\/\/enredo.com.br\/wp-content\/uploads\/2020\/06\/pavaneciro-1024x768.jpg 1024w, https:\/\/enredo.com.br\/wp-content\/uploads\/2020\/06\/pavaneciro-300x225.jpg 300w, https:\/\/enredo.com.br\/wp-content\/uploads\/2020\/06\/pavaneciro-768x576.jpg 768w, https:\/\/enredo.com.br\/wp-content\/uploads\/2020\/06\/pavaneciro-16x12.jpg 16w, https:\/\/enredo.com.br\/wp-content\/uploads\/2020\/06\/pavaneciro.jpg 1280w\" sizes=\"auto, (max-width: 1024px) 100vw, 1024px\" \/><figcaption>Gabriela Pavan (Retail Design Manager) and Ciro Rocha (CEO) receive POPAI 2018 at SIM Varejo 2018, at Transam\u00e9rica ExpoCenter (S\u00e3o Paulo)<\/figcaption><\/figure>\n\n\n\n<div style=\"height:30px\" aria-hidden=\"true\" class=\"wp-block-spacer\"><\/div>\n\n\n\n<blockquote class=\"wp-block-quote is-layout-flow wp-block-quote-is-layout-flow\"><p>\"Being nominated as a finalist in POPAI is a great source of pride for any company in the creative industry. Winning Gold consolidates Enredo's Retail Design area and our proposal to embrace the brand experience as a business differentiator.\"<\/p><cite><strong>Gabriela Pavan<\/strong>, Retail Design Manager at Enredo<\/cite><\/blockquote>\n\n\n\n<div style=\"height:30px\" aria-hidden=\"true\" class=\"wp-block-spacer\"><\/div>\n\n\n\n<p>The store opened in June of this year and needed to validate a new business model for the brand: the shopping mall food court.<em> \"In a still unknown scenario, in a tourist city with a new environment and audience, we needed to become competitive\"<\/em>explains Gabriela Pavan, Retail Design Manager at Enredo.<\/p>\n\n\n\n<p>We developed a concept and design for persuasive signage and brand ambience, projecting the Folkz experience during the purchase. <em>\"The focus was on interaction with the public\"<\/em>. The signage developed helps customers make choices before they even enter the store, informing them of products and prices in a prime area of the fa\u00e7ade. The whole system induces internal flow, reinforces the layout and makes the business model intuitive, reducing queuing times.<\/p>\n\n\n\n<div style=\"height:30px\" aria-hidden=\"true\" class=\"wp-block-spacer\"><\/div>\n\n\n\n<div style=\"height:30px\" aria-hidden=\"true\" class=\"wp-block-spacer\"><\/div>\n\n\n\n<div style=\"height:30px\" aria-hidden=\"true\" class=\"wp-block-spacer\"><\/div>\n\n\n\n<div style=\"height:70px\" aria-hidden=\"true\" class=\"wp-block-spacer\"><\/div>\n<\/div>\n\n\n\n<div class=\"wp-block-column is-layout-flow wp-block-column-is-layout-flow\" style=\"flex-basis:16%\"><\/div>\n<\/div>\n<\/div>\n<\/div>\n<\/div>\n\n\n\n<div class=\"wp-block-columns is-layout-flex wp-container-core-columns-is-layout-3 wp-block-columns-is-layout-flex\">\n<div class=\"wp-block-column is-layout-flow wp-block-column-is-layout-flow\" style=\"flex-basis:16%\"><\/div>\n\n\n\n<div class=\"wp-block-column is-layout-flow wp-block-column-is-layout-flow\" style=\"flex-basis:62%\"><\/div>\n\n\n\n<div class=\"wp-block-column is-layout-flow wp-block-column-is-layout-flow\" style=\"flex-basis:16%\"><\/div>\n<\/div>\n[:en]\n<div style=\"height:65px\" aria-hidden=\"true\" class=\"wp-block-spacer\"><\/div>\n\n\n\n<div class=\"wp-block-columns is-layout-flex wp-container-core-columns-is-layout-5 wp-block-columns-is-layout-flex\">\n<div class=\"wp-block-column is-layout-flow wp-block-column-is-layout-flow\" style=\"flex-basis:16%\"><\/div>\n\n\n\n<div class=\"wp-block-column is-layout-flow wp-block-column-is-layout-flow\" style=\"flex-basis:68%\">\n<h3 class=\"wp-block-heading\">From ego to empathy<\/h3>\n\n\n\n<p>As a young designer you may have heard this phrase a lot. But what does it mean? As someone who is pretty empathetic and self-critical, I never felt like it applied to me. But in retrospect, I think that's because most people use \"ego\" to describe inflated self-importance, when it's really just a word that describes how we understand our personal identity.<\/p>\n\n\n\n<p>The distinction is important because letting go of your ego can be a nuanced practice in empathy. It's not just advice for arrogant jerks, it's essential for anyone working professionally. As a designer, my thoughts, tastes and keystrokes obviously are part of the equation, but it took some time to figure out that I could not create work in a silo as a reflection of my \"aesthetic.\"<\/p>\n\n\n\n<p>To some of you this might sound like a bummer, but when you take on a client's challenges and their point of view, you will have to think differently. You will find new approaches and you will grow. But more on that later.<\/p>\n\n\n\n<blockquote class=\"wp-block-quote is-layout-flow wp-block-quote-is-layout-flow\"><p>\"As a young designer you may have heard this phrase a lot. But what does it mean? As someone who is pretty empathetic and self-critical, I never felt like it applied to me.\"<\/p><cite><strong>Ernst Neufert<\/strong> in \"The art of architectural design\".<\/cite><\/blockquote>\n\n\n\n<div style=\"height:47px\" aria-hidden=\"true\" class=\"wp-block-spacer\"><\/div>\n\n\n\n<figure class=\"wp-block-image size-large\"><img decoding=\"async\" src=\"https:\/\/enredo.com.br\/wp-content\/uploads\/2020\/05\/post-image-1.jpg\" alt=\"\" class=\"wp-image-4802\"\/><figcaption>Caption with <a href=\"http:\/\/google.com\">Link<\/a><\/figcaption><\/figure>\n\n\n\n<div style=\"height:30px\" aria-hidden=\"true\" class=\"wp-block-spacer\"><\/div>\n\n\n\n<h2 class=\"wp-block-heading\">OK, but what does this have to do with my brand?<\/h2>\n\n\n\n<p>As a young designer you may have heard this phrase a lot. But what does it mean? As someone who is pretty empathetic and self-critical, I never felt like it applied to me. But in retrospect, I think that's because most people use \"ego\" to describe inflated self-importance, when it's really just a word that describes how we understand our personal identity.<\/p>\n\n\n\n\n\n<div style=\"height:70px\" aria-hidden=\"true\" class=\"wp-block-spacer\"><\/div>\n\n\n\n<div class=\"wp-block-columns is-layout-flex wp-container-core-columns-is-layout-4 wp-block-columns-is-layout-flex\">\n<div class=\"wp-block-column is-layout-flow wp-block-column-is-layout-flow\">\n<figure class=\"wp-block-image size-large\"><img decoding=\"async\" src=\"https:\/\/enredo.com.br\/wp-content\/uploads\/2020\/05\/post-image-2.jpg\" alt=\"\" class=\"wp-image-4833\"\/><\/figure>\n<\/div>\n\n\n\n<div class=\"wp-block-column is-layout-flow wp-block-column-is-layout-flow\">\n<p>As a young designer you may have heard this phrase a lot. But what does it mean? As someone who is pretty empathetic and self-critical, I never felt like it applied to me. But in retrospect, I think that's because most people use \"ego\" to describe inflated self-importance, when it's really just a word that describes how we understand our personal identity.<\/p>\n<\/div>\n<\/div>\n\n\n\n<h3 class=\"wp-block-heading\">From ego to empathy<\/h3>\n<\/div>\n\n\n\n<div class=\"wp-block-column is-layout-flow wp-block-column-is-layout-flow\" style=\"flex-basis:16%\"><\/div>\n<\/div>\n\n\n\n<figure class=\"wp-block-image size-large\"><img decoding=\"async\" src=\"https:\/\/enredo.com.br\/wp-content\/uploads\/2020\/05\/post-image-3-1024x660.jpg\" alt=\"\" class=\"wp-image-4845\"\/><figcaption>Caption With <a href=\"https:\/\/twitter.com\">Link<\/a><\/figcaption><\/figure>\n\n\n\n<div class=\"wp-block-columns is-layout-flex wp-container-core-columns-is-layout-6 wp-block-columns-is-layout-flex\">\n<div class=\"wp-block-column is-layout-flow wp-block-column-is-layout-flow\" style=\"flex-basis:16%\"><\/div>\n\n\n\n<div class=\"wp-block-column is-layout-flow wp-block-column-is-layout-flow\" style=\"flex-basis:62%\">\n<p>As a young designer you may have heard this phrase a lot. But what does it mean? As someone who is pretty empathetic and self-critical, I never felt like it applied to me. But in retrospect, I think that's because most people use \"ego\" to describe inflated self-importance, when it's really just a word that describes how we understand our personal identity.<\/p>\n\n\n\n<p>The distinction is important because letting go of your ego can be a nuanced practice in empathy. It's not just advice for arrogant jerks, it's essential for anyone working professionally. As a designer, my thoughts, tastes and keystrokes obviously are part of the equation, but it took some time to figure out that I could not create work in a silo as a reflection of my \"aesthetic.\"<\/p>\n\n\n\n<h2 class=\"wp-block-heading\">Famous last words<\/h2>\n\n\n\n<p>As a young designer you may have heard this phrase a lot. But what does it mean? As someone who is pretty empathetic and self-critical, I never felt like it applied to me. But in retrospect, I think that's because most people use \"ego\" to describe inflated self-importance, when it's really just a word that describes how we understand our personal identity.<\/p>\n\n\n\n<p>Hope this answers some of your questions, Dmitro.<br>- Author's name<\/p>\n<\/div>\n\n\n\n<div class=\"wp-block-column is-layout-flow wp-block-column-is-layout-flow\" style=\"flex-basis:16%\"><\/div>\n<\/div>\n[:]","protected":false},"excerpt":{"rendered":"<p>[:pb]A conquista do pr\u00eamio \u00e9 importante na consolida\u00e7\u00e3o da \u00e1rea de Retail Design da Enredo. [:en]Quando se trata de inova\u00e7\u00e3o, nada importa mais do que as pessoas, por isso reunimos um time com backgrounds em diferentes setores,  Culturas e forma\u00e7\u00e3o profissional com uma coisa em comum: criar o que faz a diferen\u00e7a na vida das pessoas.[:]<\/p>","protected":false},"author":225,"featured_media":5600,"comment_status":"open","ping_status":"open","sticky":false,"template":"","format":"standard","meta":{"_acf_changed":false,"footnotes":""},"categories":[30],"tags":[],"class_list":["post-5597","post","type-post","status-publish","format-standard","has-post-thumbnail","hentry","category-premios"],"acf":[],"_links":{"self":[{"href":"https:\/\/enredo.com.br\/en\/wp-json\/wp\/v2\/posts\/5597","targetHints":{"allow":["GET"]}}],"collection":[{"href":"https:\/\/enredo.com.br\/en\/wp-json\/wp\/v2\/posts"}],"about":[{"href":"https:\/\/enredo.com.br\/en\/wp-json\/wp\/v2\/types\/post"}],"author":[{"embeddable":true,"href":"https:\/\/enredo.com.br\/en\/wp-json\/wp\/v2\/users\/225"}],"replies":[{"embeddable":true,"href":"https:\/\/enredo.com.br\/en\/wp-json\/wp\/v2\/comments?post=5597"}],"version-history":[{"count":10,"href":"https:\/\/enredo.com.br\/en\/wp-json\/wp\/v2\/posts\/5597\/revisions"}],"predecessor-version":[{"id":17787,"href":"https:\/\/enredo.com.br\/en\/wp-json\/wp\/v2\/posts\/5597\/revisions\/17787"}],"wp:featuredmedia":[{"embeddable":true,"href":"https:\/\/enredo.com.br\/en\/wp-json\/wp\/v2\/media\/5600"}],"wp:attachment":[{"href":"https:\/\/enredo.com.br\/en\/wp-json\/wp\/v2\/media?parent=5597"}],"wp:term":[{"taxonomy":"category","embeddable":true,"href":"https:\/\/enredo.com.br\/en\/wp-json\/wp\/v2\/categories?post=5597"},{"taxonomy":"post_tag","embeddable":true,"href":"https:\/\/enredo.com.br\/en\/wp-json\/wp\/v2\/tags?post=5597"}],"curies":[{"name":"wp","href":"https:\/\/api.w.org\/{rel}","templated":true}]}}