{"id":5736,"date":"2016-07-18T16:00:34","date_gmt":"2016-07-18T19:00:34","guid":{"rendered":"https:\/\/enredo.com.br\/?p=5736"},"modified":"2023-12-01T16:26:08","modified_gmt":"2023-12-01T19:26:08","slug":"enredo-no-juri-de-um-dos-principais-premios-da-europa","status":"publish","type":"post","link":"https:\/\/enredo.com.br\/en\/enredo-no-juri-de-um-dos-principais-premios-da-europa\/","title":{"rendered":"Enredo in the jury of one of Europe's main awards"},"content":{"rendered":"[:pb]\n<div style=\"height:65px\" aria-hidden=\"true\" class=\"wp-block-spacer\"><\/div>\n\n\n\n<div class=\"wp-block-columns is-layout-flex wp-container-core-columns-is-layout-1 wp-block-columns-is-layout-flex\">\n<div class=\"wp-block-column is-layout-flow wp-block-column-is-layout-flow\" style=\"flex-basis:16%\"><\/div>\n\n\n\n<div class=\"wp-block-column is-layout-flow wp-block-column-is-layout-flow\" style=\"flex-basis:68%\">\n<p>On September 21st, Lisbon will host another edition of the <a href=\"https:\/\/www.lisbonadfestival.com\/\" data-type=\"https:\/\/www.lisbonadfestival.com\/\">Lisbon International Advertising Festival<\/a>the LEAF.<\/p>\n\n\n\n<p>The event, which is one of the most important awards in Europe, aims to recognize the best that has been produced in the world's creative industry. For this edition, we are pleased to announce that our Executive Director, Ciro Rocha, is one of those invited to take part in the jury in the Design Category.<\/p>\n\n\n\n<p>On this journey, Ciro - who is the only Brazilian on the jury - will join a respected list of professionals, placing Enredo alongside some of the world's leading design offices and agencies.<\/p>\n\n\n\n<p>\"Representing Brazilian design in Lisbon is a great honor. It's impossible not to remember the thrill we felt when we won our first international award in 2015. Today, being there, participating in a jury with professionals we admire so much, is an achievement, a reflection of the excellent work we have done as a team here at Enredo,\" says Ciro.<\/p>\n\n\n\n<div style=\"height:30px\" aria-hidden=\"true\" class=\"wp-block-spacer\"><\/div>\n\n\n\n<figure class=\"wp-block-image size-large\"><img loading=\"lazy\" decoding=\"async\" width=\"1024\" height=\"510\" src=\"https:\/\/enredo.com.br\/wp-content\/uploads\/2020\/06\/design-jury-1024x510.jpg\" alt=\"\" class=\"wp-image-5737\" srcset=\"https:\/\/enredo.com.br\/wp-content\/uploads\/2020\/06\/design-jury-1024x510.jpg 1024w, https:\/\/enredo.com.br\/wp-content\/uploads\/2020\/06\/design-jury-300x149.jpg 300w, https:\/\/enredo.com.br\/wp-content\/uploads\/2020\/06\/design-jury-768x382.jpg 768w, https:\/\/enredo.com.br\/wp-content\/uploads\/2020\/06\/design-jury-1536x765.jpg 1536w, https:\/\/enredo.com.br\/wp-content\/uploads\/2020\/06\/design-jury-18x9.jpg 18w, https:\/\/enredo.com.br\/wp-content\/uploads\/2020\/06\/design-jury.jpg 1920w\" sizes=\"auto, (max-width: 1024px) 100vw, 1024px\" \/><\/figure>\n\n\n\n<div style=\"height:30px\" aria-hidden=\"true\" class=\"wp-block-spacer\"><\/div>\n\n\n\n<h4 class=\"wp-block-heading\">Meet the Lisbon Ad Festival Design Jury<\/h4>\n\n\n\n<p><strong>Peter Knapp<\/strong> - Global Creative Officer at Landor Associates<br><strong>Ciro Rocha<\/strong> - Enredo's Executive Director<br><strong>Erik Kockum<\/strong> - Partner and Creative Director at Snask<br><strong>Rafa? Nagiecki<\/strong> - Executive Design Director of Saatchi &amp; Saatchi Warsaw<br><strong>Roy Ryo Tsukiji<\/strong> - Founder and Creative Director of BIRDMAN<br><strong>Saar Friedamn<\/strong> - Co-Founder and Chief Creative Director OPEN - Total Brand Experience<br><strong>Tom Emil Olsen<\/strong> - Founder, CEO and Creative Director of KIND<\/p>\n\n\n\n<div style=\"height:70px\" aria-hidden=\"true\" class=\"wp-block-spacer\"><\/div>\n<\/div>\n\n\n\n<div class=\"wp-block-column is-layout-flow wp-block-column-is-layout-flow\" style=\"flex-basis:16%\"><\/div>\n<\/div>\n\n\n\n<div class=\"wp-block-columns is-layout-flex wp-container-core-columns-is-layout-2 wp-block-columns-is-layout-flex\">\n<div class=\"wp-block-column is-layout-flow wp-block-column-is-layout-flow\" style=\"flex-basis:16%\"><\/div>\n\n\n\n<div class=\"wp-block-column is-layout-flow wp-block-column-is-layout-flow\" style=\"flex-basis:62%\"><\/div>\n\n\n\n<div class=\"wp-block-column is-layout-flow wp-block-column-is-layout-flow\" style=\"flex-basis:16%\"><\/div>\n<\/div>\n[:en]\n<div style=\"height:65px\" aria-hidden=\"true\" class=\"wp-block-spacer\"><\/div>\n\n\n\n<div class=\"wp-block-columns is-layout-flex wp-container-core-columns-is-layout-4 wp-block-columns-is-layout-flex\">\n<div class=\"wp-block-column is-layout-flow wp-block-column-is-layout-flow\" style=\"flex-basis:16%\"><\/div>\n\n\n\n<div class=\"wp-block-column is-layout-flow wp-block-column-is-layout-flow\" style=\"flex-basis:68%\">\n<h3 class=\"wp-block-heading\">From ego to empathy<\/h3>\n\n\n\n<p>As a young designer you may have heard this phrase a lot. But what does it mean? As someone who is pretty empathetic and self-critical, I never felt like it applied to me. But in retrospect, I think that's because most people use \"ego\" to describe inflated self-importance, when it's really just a word that describes how we understand our personal identity.<\/p>\n\n\n\n<p>The distinction is important because letting go of your ego can be a nuanced practice in empathy. It's not just advice for arrogant jerks, it's essential for anyone working professionally. As a designer, my thoughts, tastes and keystrokes obviously are part of the equation, but it took some time to figure out that I could not create work in a silo as a reflection of my \"aesthetic.\"<\/p>\n\n\n\n<p>To some of you this might sound like a bummer, but when you take on a client's challenges and their point of view, you will have to think differently. You will find new approaches and you will grow. But more on that later.<\/p>\n\n\n\n<blockquote class=\"wp-block-quote is-layout-flow wp-block-quote-is-layout-flow\"><p>\"As a young designer you may have heard this phrase a lot. But what does it mean? As someone who is pretty empathetic and self-critical, I never felt like it applied to me.\"<\/p><cite><strong>Ernst Neufert<\/strong> in \"The art of architectural design\".<\/cite><\/blockquote>\n\n\n\n<div style=\"height:47px\" aria-hidden=\"true\" class=\"wp-block-spacer\"><\/div>\n\n\n\n<figure class=\"wp-block-image size-large\"><img decoding=\"async\" src=\"https:\/\/enredo.com.br\/wp-content\/uploads\/2020\/05\/post-image-1.jpg\" alt=\"\" class=\"wp-image-4802\"\/><figcaption>Caption with <a href=\"http:\/\/google.com\">Link<\/a><\/figcaption><\/figure>\n\n\n\n<div style=\"height:30px\" aria-hidden=\"true\" class=\"wp-block-spacer\"><\/div>\n\n\n\n<h2 class=\"wp-block-heading\">OK, but what does this have to do with my brand?<\/h2>\n\n\n\n<p>As a young designer you may have heard this phrase a lot. But what does it mean? As someone who is pretty empathetic and self-critical, I never felt like it applied to me. But in retrospect, I think that's because most people use \"ego\" to describe inflated self-importance, when it's really just a word that describes how we understand our personal identity.<\/p>\n\n\n\n\n\n<div style=\"height:70px\" aria-hidden=\"true\" class=\"wp-block-spacer\"><\/div>\n\n\n\n<div class=\"wp-block-columns is-layout-flex wp-container-core-columns-is-layout-3 wp-block-columns-is-layout-flex\">\n<div class=\"wp-block-column is-layout-flow wp-block-column-is-layout-flow\">\n<figure class=\"wp-block-image size-large\"><img decoding=\"async\" src=\"https:\/\/enredo.com.br\/wp-content\/uploads\/2020\/05\/post-image-2.jpg\" alt=\"\" class=\"wp-image-4833\"\/><\/figure>\n<\/div>\n\n\n\n<div class=\"wp-block-column is-layout-flow wp-block-column-is-layout-flow\">\n<p>As a young designer you may have heard this phrase a lot. But what does it mean? As someone who is pretty empathetic and self-critical, I never felt like it applied to me. But in retrospect, I think that's because most people use \"ego\" to describe inflated self-importance, when it's really just a word that describes how we understand our personal identity.<\/p>\n<\/div>\n<\/div>\n\n\n\n<h3 class=\"wp-block-heading\">From ego to empathy<\/h3>\n<\/div>\n\n\n\n<div class=\"wp-block-column is-layout-flow wp-block-column-is-layout-flow\" style=\"flex-basis:16%\"><\/div>\n<\/div>\n\n\n\n<figure class=\"wp-block-image size-large\"><img decoding=\"async\" src=\"https:\/\/enredo.com.br\/wp-content\/uploads\/2020\/05\/post-image-3-1024x660.jpg\" alt=\"\" class=\"wp-image-4845\"\/><figcaption>Caption With <a href=\"https:\/\/twitter.com\">Link<\/a><\/figcaption><\/figure>\n\n\n\n<div class=\"wp-block-columns is-layout-flex wp-container-core-columns-is-layout-5 wp-block-columns-is-layout-flex\">\n<div class=\"wp-block-column is-layout-flow wp-block-column-is-layout-flow\" style=\"flex-basis:16%\"><\/div>\n\n\n\n<div class=\"wp-block-column is-layout-flow wp-block-column-is-layout-flow\" style=\"flex-basis:62%\">\n<p>As a young designer you may have heard this phrase a lot. But what does it mean? As someone who is pretty empathetic and self-critical, I never felt like it applied to me. But in retrospect, I think that's because most people use \"ego\" to describe inflated self-importance, when it's really just a word that describes how we understand our personal identity.<\/p>\n\n\n\n<p>The distinction is important because letting go of your ego can be a nuanced practice in empathy. It's not just advice for arrogant jerks, it's essential for anyone working professionally. As a designer, my thoughts, tastes and keystrokes obviously are part of the equation, but it took some time to figure out that I could not create work in a silo as a reflection of my \"aesthetic.\"<\/p>\n\n\n\n<h2 class=\"wp-block-heading\">Famous last words<\/h2>\n\n\n\n<p>As a young designer you may have heard this phrase a lot. But what does it mean? As someone who is pretty empathetic and self-critical, I never felt like it applied to me. But in retrospect, I think that's because most people use \"ego\" to describe inflated self-importance, when it's really just a word that describes how we understand our personal identity.<\/p>\n\n\n\n<p>Hope this answers some of your questions, Dmitro.<br>- Author's name<\/p>\n<\/div>\n\n\n\n<div class=\"wp-block-column is-layout-flow wp-block-column-is-layout-flow\" style=\"flex-basis:16%\"><\/div>\n<\/div>\n[:]","protected":false},"excerpt":{"rendered":"<p>[:pb]Lisbon International Advertising Festival[:en]Quando se trata de inova\u00e7\u00e3o, nada importa mais do que as pessoas, por isso reunimos um time com backgrounds em diferentes setores,  Culturas e forma\u00e7\u00e3o profissional com uma coisa em comum: criar o que faz a diferen\u00e7a na vida das pessoas.[:]<\/p>","protected":false},"author":225,"featured_media":5739,"comment_status":"open","ping_status":"open","sticky":false,"template":"","format":"standard","meta":{"_acf_changed":false,"footnotes":""},"categories":[33],"tags":[],"class_list":["post-5736","post","type-post","status-publish","format-standard","has-post-thumbnail","hentry","category-noticias"],"acf":[],"_links":{"self":[{"href":"https:\/\/enredo.com.br\/en\/wp-json\/wp\/v2\/posts\/5736","targetHints":{"allow":["GET"]}}],"collection":[{"href":"https:\/\/enredo.com.br\/en\/wp-json\/wp\/v2\/posts"}],"about":[{"href":"https:\/\/enredo.com.br\/en\/wp-json\/wp\/v2\/types\/post"}],"author":[{"embeddable":true,"href":"https:\/\/enredo.com.br\/en\/wp-json\/wp\/v2\/users\/225"}],"replies":[{"embeddable":true,"href":"https:\/\/enredo.com.br\/en\/wp-json\/wp\/v2\/comments?post=5736"}],"version-history":[{"count":14,"href":"https:\/\/enredo.com.br\/en\/wp-json\/wp\/v2\/posts\/5736\/revisions"}],"predecessor-version":[{"id":17803,"href":"https:\/\/enredo.com.br\/en\/wp-json\/wp\/v2\/posts\/5736\/revisions\/17803"}],"wp:featuredmedia":[{"embeddable":true,"href":"https:\/\/enredo.com.br\/en\/wp-json\/wp\/v2\/media\/5739"}],"wp:attachment":[{"href":"https:\/\/enredo.com.br\/en\/wp-json\/wp\/v2\/media?parent=5736"}],"wp:term":[{"taxonomy":"category","embeddable":true,"href":"https:\/\/enredo.com.br\/en\/wp-json\/wp\/v2\/categories?post=5736"},{"taxonomy":"post_tag","embeddable":true,"href":"https:\/\/enredo.com.br\/en\/wp-json\/wp\/v2\/tags?post=5736"}],"curies":[{"name":"wp","href":"https:\/\/api.w.org\/{rel}","templated":true}]}}